{"id":9127,"date":"2025-09-22T10:25:03","date_gmt":"2025-09-22T04:55:03","guid":{"rendered":"https:\/\/stnews.live\/2025\/09\/22\/fed-zinssenkungen-sind-wahrscheinlich-da-der-arbeitsmarkt-schwaechelt-signalisieren-beamte\/"},"modified":"2025-09-22T10:25:15","modified_gmt":"2025-09-22T04:55:15","slug":"fed-zinssenkungen-sind-wahrscheinlich-da-der-arbeitsmarkt-schwaechelt-signalisieren-beamte","status":"publish","type":"post","link":"http:\/\/stnews.live\/de\/2025\/09\/22\/fed-zinssenkungen-sind-wahrscheinlich-da-der-arbeitsmarkt-schwaechelt-signalisieren-beamte\/","title":{"rendered":"Fed-Zinssenkungen sind wahrscheinlich, da der Arbeitsmarkt schw\u00e4chelt, signalisieren Beamte"},"content":{"rendered":"\n<h3 class=\"wp-block-heading\">Wichtige Einblicke<\/h3>\n\n<ul class=\"wp-block-list\">\n<li>Fed-Vertreter warnen nun, dass die Schw\u00e4che des Arbeitsmarktes Zinssenkungen rechtfertigt.<\/li>\n\n\n\n<li>Christopher Waller und Raphael Bostic deuten eine Lockerung in diesem Jahr an.<\/li>\n\n\n\n<li>Z\u00f6lle k\u00f6nnen die Inflation kurzfristig in die H\u00f6he treiben, werden aber im Allgemeinen als vor\u00fcbergehend angesehen.<\/li>\n<\/ul>\n\n<p>Die Aussicht auf Zinssenkungen der Fed wird in den USA erneut diskutiert. Beamte aus allen Bereichen der Federal Reserve haben sich besorgt \u00fcber die Verlangsamung des Arbeitsmarktes und die damit verbundenen Risiken f\u00fcr die Wirtschaft gezeigt. <\/p>\n\n<p>W\u00e4hrend die Inflation noch immer \u00fcber dem Zielwert liegt, argumentieren die Entscheidungstr\u00e4ger, dass die schw\u00e4cheren Arbeitsmarktdaten eine Lockerung der Kreditkosten noch in diesem Monat rechtfertigen k\u00f6nnten.<\/p>\n\n<h2 class=\"wp-block-heading\">Zinssenkungen der Fed und der Arbeitsmarkt<\/h2>\n\n<p>Der Gouverneur der US-Notenbank, Christopher Waller, hat seinen Standpunkt deutlich gemacht. Er <a href=\"https:\/\/www.reuters.com\/business\/finance\/feds-waller-repeats-call-rate-cut-september-pace-depends-data-2025-09-03\/\">sprach Anfang dieser Woche mit<\/a> CNBC und forderte eine Senkung auf der bevorstehenden Sitzung des Offenmarktausschusses im September. <\/p>\n\n<p>Waller sagte, dass die Fed fr\u00fchzeitig handeln m\u00fcsse, um einen bitteren Abschwung der Besch\u00e4ftigung zu vermeiden. Er erkl\u00e4rte, dass sich die Lage der Arbeitnehmer in der Regel schnell verschlechtert, sobald eine Schw\u00e4chephase einsetzt. <\/p>\n\n<p>Der Pr\u00e4sident der Atlanta Fed, Raphael Bostic, teilt diese Ansicht, wie er k\u00fcrzlich in einem Aufsatz schrieb. In dem Aufsatz <a href=\"https:\/\/www.reuters.com\/business\/feds-bostic-inflation-still-main-concern-though-single-quarter-point-cut-likely-2025-09-03\/\">bezeichnete<\/a> er die derzeitige Politik als \"geringf\u00fcgig restriktiv\" und argumentierte, dass eine Senkung um 25 Basispunkte vor Jahresende angemessen w\u00e4re. <\/p>\n\n<p>Der Pr\u00e4sident der Minneapolis Fed, Neel Kashkari, wies ebenfalls auf den Spielraum f\u00fcr Zinssenkungen in den n\u00e4chsten zwei Jahren hin.<\/p>\n\n<h2 class=\"wp-block-heading\">Inflationsdruck erschwert die Aussichten<\/h2>\n\n<p>Die Fed strebt weiterhin eine Inflationsrate von 2 % an. Die Rate hat sich zwar gegen\u00fcber dem H\u00f6chststand von 2022 abgeschw\u00e4cht, lag aber im Juli bei 2,7 % und damit immer noch \u00fcber dem Ziel. Die k\u00fcrzlich von der Trump-Administration eingef\u00fchrten Z\u00f6lle haben diese Herausforderung ebenfalls erschwert.  <\/p>\n\n<p>J\u00fcngste Untersuchungen des Budget Lab in Yale zeigen jedoch, dass 61-80 % der neuen Tarife auf die Verbraucherpreise umgelegt wurden.<\/p>\n\n<p>In der Beige Book-Umfrage der Fed wurde auch ein starker Kostendruck in allen Branchen festgestellt, obwohl viele Unternehmen aus Angst vor Kundenverlusten die Preise nicht erh\u00f6hen wollten.<\/p>\n\n<p>Waller und andere glauben, dass die Z\u00f6lle die Inflation nur vor\u00fcbergehend beeinflussen werden. Sobald die Wirtschaft die Ver\u00e4nderungen absorbiert hat, erwarten sie, dass sich der Preisdruck wieder auf das 2 %-Ziel einpendeln wird. <\/p>\n\n<h2 class=\"wp-block-heading\">Markt wettet auf eine Senkung im September<\/h2>\n\n<p>Die Anleger wetten stark darauf, dass die Fed auf ihrer Sitzung am 16. und 17. September eine Zinssenkung vornehmen wird. Das Zielband f\u00fcr den Leitzins liegt derzeit bei 4,25 % bis 4,5 %. <\/p>\n\n<p>Bisher sind die M\u00e4rkte nach den j\u00fcngsten \u00c4u\u00dferungen des Vorsitzenden Jerome Powell in Jackson Hole von einer Senkung um 25 Basispunkte \u00fcberzeugt.<\/p>\n\n<figure class=\"wp-block-image\"><img loading=\"lazy\" loading=\"lazy\" decoding=\"async\" width=\"656\" height=\"661\" src=\"http:\/\/stnews.live\/wp-content\/uploads\/2025\/09\/0a675726e46d3c8fb5ef448de2450778b7bece6b63e45df119eb0afe1d081675-1.png\" alt=\"Analysten scheinen von einer Zinssenkung im September &#xFC;berzeugt zu sein | Quelle: X\" class=\"wp-image-9125\"\/><figcaption class=\"wp-element-caption\">Analysten scheinen von einer Zinssenkung im September \u00fcberzeugt zu sein | Quelle: X<\/figcaption><\/figure>\n\n<p>Powell wies darauf hin, dass die derzeitigen Aussichten eine Anpassung der Politik erfordern k\u00f6nnten, was den H\u00e4ndlern mehr Gewissheit \u00fcber eine kurzfristige Lockerung geben w\u00fcrde. Die Fed hat die Zinss\u00e4tze auf f\u00fcnf Sitzungen in diesem Jahr beibehalten, nachdem sie sie Ende letzten Jahres dreimal gesenkt hatte. <\/p>\n\n<h2 class=\"wp-block-heading\">Besch\u00e4ftigungsdaten erh\u00f6hen den Druck<\/h2>\n\n<p>Der j\u00fcngste Regierungsbericht \u00fcber offene Stellen hat die Sorgen um den Arbeitsmarkt verst\u00e4rkt.<\/p>\n\n<p>Der Job Openings and Labour Survey beispielsweise <a href=\"https:\/\/www.reuters.com\/business\/us-job-openings-decline-july-hiring-lackluster-2025-09-03\/\">zeigte, dass<\/a> die Zahl der offenen Stellen im Juli um 176.000 auf 7,18 Millionen zur\u00fcckging. Diese Zahl war schw\u00e4cher als erwartet und zeigt, dass die Einstellung von Personal langsamer vonstatten ging. <\/p>\n\n<p>Der Pr\u00e4sident der St. Louis Fed, Alberto Musalem, wies in einem <a href=\"https:\/\/www.reuters.com\/business\/fed-officials-worried-about-jobs-muse-rate-cut-prospects-2025-09-03\/\">Interview<\/a> mit Reuters auf diese Ver\u00e4nderung hin. Musalem rechnet mit einer moderaten Verschlechterung auf dem Arbeitsmarkt. Er glaubt jedoch, dass sich die Inflation bis Ende n\u00e4chsten Jahres wieder dem Zielwert ann\u00e4hern wird.  <\/p>\n\n<h2 class=\"wp-block-heading\">Hypothekenzinsen und Auswirkungen auf die Verbraucher<\/h2>\n\n<p>Die Hypothekenzinsen reagieren in der Regel auf die Bewegungen der Fed, auch wenn die Zentralbank sie nicht direkt festlegt. Die durchschnittliche 30-j\u00e4hrige Festhypothek beispielsweise erreichte Ende August 6,56 %. Dies war niedriger als zu Beginn des Jahres, lag aber immer noch \u00fcber den historischen Normen.  <\/p>\n\n<p>Kreditgeber wie <a href=\"https:\/\/themortgagereports.com\/71449\/amerisave-review-mortgage-rates-loan-options-credit-score\">AmeriSave Mortgage<\/a>, <a href=\"https:\/\/themortgagereports.com\/47789\/quicken-mortgage-lender-review-rates-loans-credit-score\">Quicken Loans<\/a> und Rocket Mortgage bieten Kreditnehmern jetzt die M\u00f6glichkeit, den Zinssatz f\u00fcr bis zu 90 Tage festzuschreiben. Einige bieten auch Refinanzierungsoptionen ohne zus\u00e4tzliche Geb\u00fchren an, wenn die Zinsen schlie\u00dflich sinken. <\/p>\n\n<p>Insgesamt sind sich die Fed-Vertreter derzeit nicht einig, wie aggressiv sie vorgehen sollen. Die Richtung ist jedoch klar. Waller hat angedeutet, dass in den n\u00e4chsten drei bis sechs Monaten mehrere Zinssenkungen folgen k\u00f6nnten.  <\/p>\n","protected":false},"excerpt":{"rendered":"<p>Wichtige Einblicke Die Aussicht auf Zinssenkungen der Fed wird in den USA erneut diskutiert. Beamte aus allen Bereichen der Federal Reserve haben sich besorgt \u00fcber die Verlangsamung des Arbeitsmarktes und die damit verbundenen Risiken f\u00fcr die Wirtschaft gezeigt. W\u00e4hrend die Inflation noch immer \u00fcber dem Zielwert liegt, argumentieren die Entscheidungstr\u00e4ger, dass die schw\u00e4cheren Arbeitsmarktdaten eine [&hellip;]<\/p>\n","protected":false},"author":9,"featured_media":9128,"comment_status":"open","ping_status":"open","sticky":false,"template":"","format":"standard","meta":{"footnotes":""},"categories":[1174],"tags":[],"class_list":{"0":"post-9127","1":"post","2":"type-post","3":"status-publish","4":"format-standard","5":"has-post-thumbnail","7":"category-nachrichten"},"yoast_head":"<!-- This site is optimized with the Yoast SEO Premium plugin v25.3.1 (Yoast SEO v26.4) - https:\/\/yoast.com\/wordpress\/plugins\/seo\/ -->\n<title>Fed-Zinssenkungen sind wahrscheinlich, da der Arbeitsmarkt schw\u00e4chelt, signalisieren Beamte - en.stnews<\/title>\n<meta name=\"description\" content=\"Fed-Vertreter signalisieren nun, dass es im September zu Zinssenkungen kommen k\u00f6nnte, da die Schw\u00e4che des Arbeitsmarktes zunimmt.\" \/>\n<meta name=\"robots\" content=\"index, follow, max-snippet:-1, max-image-preview:large, max-video-preview:-1\" \/>\n<link rel=\"canonical\" href=\"http:\/\/stnews.live\/de\/2025\/09\/22\/fed-zinssenkungen-sind-wahrscheinlich-da-der-arbeitsmarkt-schwaechelt-signalisieren-beamte\/\" \/>\n<meta property=\"og:locale\" content=\"de_DE\" \/>\n<meta property=\"og:type\" content=\"article\" \/>\n<meta property=\"og:title\" content=\"Fed-Zinssenkungen sind wahrscheinlich, da der Arbeitsmarkt schw\u00e4chelt, signalisieren Beamte\" \/>\n<meta property=\"og:description\" content=\"Fed-Vertreter signalisieren nun, dass es im September zu Zinssenkungen kommen k\u00f6nnte, da die Schw\u00e4che des Arbeitsmarktes zunimmt.\" \/>\n<meta property=\"og:url\" content=\"http:\/\/stnews.live\/de\/2025\/09\/22\/fed-zinssenkungen-sind-wahrscheinlich-da-der-arbeitsmarkt-schwaechelt-signalisieren-beamte\/\" \/>\n<meta property=\"og:site_name\" content=\"en.stnews\" \/>\n<meta property=\"article:published_time\" content=\"2025-09-22T04:55:03+00:00\" \/>\n<meta property=\"article:modified_time\" content=\"2025-09-22T04:55:15+00:00\" \/>\n<meta property=\"og:image\" content=\"http:\/\/stnews.live\/wp-content\/uploads\/2025\/09\/1kVySj2n0VUJhfDvcwmaCaK_PtKPzJKOk-4.png\" \/>\n\t<meta property=\"og:image:width\" content=\"1536\" \/>\n\t<meta property=\"og:image:height\" content=\"1024\" \/>\n\t<meta property=\"og:image:type\" content=\"image\/png\" \/>\n<meta name=\"author\" content=\"Ivan Petrov\" \/>\n<meta name=\"twitter:card\" content=\"summary_large_image\" \/>\n<meta name=\"twitter:label1\" content=\"Verfasst von\" \/>\n\t<meta name=\"twitter:data1\" content=\"Ivan Petrov\" \/>\n\t<meta name=\"twitter:label2\" content=\"Gesch\u00e4tzte Lesezeit\" \/>\n\t<meta name=\"twitter:data2\" content=\"4\u00a0Minuten\" \/>\n<!-- \/ Yoast SEO Premium plugin. -->","yoast_head_json":{"title":"Fed-Zinssenkungen sind wahrscheinlich, da der Arbeitsmarkt schw\u00e4chelt, signalisieren Beamte - en.stnews","description":"Fed-Vertreter signalisieren nun, dass es im September zu Zinssenkungen kommen k\u00f6nnte, da die Schw\u00e4che des Arbeitsmarktes zunimmt.","robots":{"index":"index","follow":"follow","max-snippet":"max-snippet:-1","max-image-preview":"max-image-preview:large","max-video-preview":"max-video-preview:-1"},"canonical":"http:\/\/stnews.live\/de\/2025\/09\/22\/fed-zinssenkungen-sind-wahrscheinlich-da-der-arbeitsmarkt-schwaechelt-signalisieren-beamte\/","og_locale":"de_DE","og_type":"article","og_title":"Fed-Zinssenkungen sind wahrscheinlich, da der Arbeitsmarkt schw\u00e4chelt, signalisieren Beamte","og_description":"Fed-Vertreter signalisieren nun, dass es im September zu Zinssenkungen kommen k\u00f6nnte, da die Schw\u00e4che des Arbeitsmarktes zunimmt.","og_url":"http:\/\/stnews.live\/de\/2025\/09\/22\/fed-zinssenkungen-sind-wahrscheinlich-da-der-arbeitsmarkt-schwaechelt-signalisieren-beamte\/","og_site_name":"en.stnews","article_published_time":"2025-09-22T04:55:03+00:00","article_modified_time":"2025-09-22T04:55:15+00:00","og_image":[{"width":1536,"height":1024,"url":"http:\/\/stnews.live\/wp-content\/uploads\/2025\/09\/1kVySj2n0VUJhfDvcwmaCaK_PtKPzJKOk-4.png","type":"image\/png"}],"author":"Ivan Petrov","twitter_card":"summary_large_image","twitter_misc":{"Verfasst von":"Ivan Petrov","Gesch\u00e4tzte Lesezeit":"4\u00a0Minuten"},"schema":{"@context":"https:\/\/schema.org","@graph":[{"@type":"NewsArticle","@id":"http:\/\/stnews.live\/de\/2025\/09\/22\/fed-zinssenkungen-sind-wahrscheinlich-da-der-arbeitsmarkt-schwaechelt-signalisieren-beamte\/#article","isPartOf":{"@id":"http:\/\/stnews.live\/de\/2025\/09\/22\/fed-zinssenkungen-sind-wahrscheinlich-da-der-arbeitsmarkt-schwaechelt-signalisieren-beamte\/"},"author":{"name":"Ivan Petrov","@id":"https:\/\/stnews.live\/de\/#\/schema\/person\/94aa8a985fe2ab65d8bc2ba06c29743f"},"headline":"Fed-Zinssenkungen sind wahrscheinlich, da der Arbeitsmarkt schw\u00e4chelt, signalisieren Beamte","datePublished":"2025-09-22T04:55:03+00:00","dateModified":"2025-09-22T04:55:15+00:00","mainEntityOfPage":{"@id":"http:\/\/stnews.live\/de\/2025\/09\/22\/fed-zinssenkungen-sind-wahrscheinlich-da-der-arbeitsmarkt-schwaechelt-signalisieren-beamte\/"},"wordCount":749,"commentCount":0,"publisher":{"@id":"https:\/\/stnews.live\/de\/#organization"},"image":{"@id":"http:\/\/stnews.live\/de\/2025\/09\/22\/fed-zinssenkungen-sind-wahrscheinlich-da-der-arbeitsmarkt-schwaechelt-signalisieren-beamte\/#primaryimage"},"thumbnailUrl":"http:\/\/stnews.live\/wp-content\/uploads\/2025\/09\/1kVySj2n0VUJhfDvcwmaCaK_PtKPzJKOk-4.png","articleSection":["Nachrichten"],"inLanguage":"de","potentialAction":[{"@type":"CommentAction","name":"Comment","target":["http:\/\/stnews.live\/de\/2025\/09\/22\/fed-zinssenkungen-sind-wahrscheinlich-da-der-arbeitsmarkt-schwaechelt-signalisieren-beamte\/#respond"]}],"copyrightYear":"2025","copyrightHolder":{"@id":"http:\/\/stnews.live\/#organization"}},{"@type":"WebPage","@id":"http:\/\/stnews.live\/de\/2025\/09\/22\/fed-zinssenkungen-sind-wahrscheinlich-da-der-arbeitsmarkt-schwaechelt-signalisieren-beamte\/","url":"http:\/\/stnews.live\/de\/2025\/09\/22\/fed-zinssenkungen-sind-wahrscheinlich-da-der-arbeitsmarkt-schwaechelt-signalisieren-beamte\/","name":"Fed-Zinssenkungen sind wahrscheinlich, da der Arbeitsmarkt schw\u00e4chelt, signalisieren Beamte - en.stnews","isPartOf":{"@id":"https:\/\/stnews.live\/de\/#website"},"primaryImageOfPage":{"@id":"http:\/\/stnews.live\/de\/2025\/09\/22\/fed-zinssenkungen-sind-wahrscheinlich-da-der-arbeitsmarkt-schwaechelt-signalisieren-beamte\/#primaryimage"},"image":{"@id":"http:\/\/stnews.live\/de\/2025\/09\/22\/fed-zinssenkungen-sind-wahrscheinlich-da-der-arbeitsmarkt-schwaechelt-signalisieren-beamte\/#primaryimage"},"thumbnailUrl":"http:\/\/stnews.live\/wp-content\/uploads\/2025\/09\/1kVySj2n0VUJhfDvcwmaCaK_PtKPzJKOk-4.png","datePublished":"2025-09-22T04:55:03+00:00","dateModified":"2025-09-22T04:55:15+00:00","description":"Fed-Vertreter signalisieren nun, dass es im September zu Zinssenkungen kommen k\u00f6nnte, da die Schw\u00e4che des Arbeitsmarktes zunimmt.","breadcrumb":{"@id":"http:\/\/stnews.live\/de\/2025\/09\/22\/fed-zinssenkungen-sind-wahrscheinlich-da-der-arbeitsmarkt-schwaechelt-signalisieren-beamte\/#breadcrumb"},"inLanguage":"de","potentialAction":[{"@type":"ReadAction","target":["http:\/\/stnews.live\/de\/2025\/09\/22\/fed-zinssenkungen-sind-wahrscheinlich-da-der-arbeitsmarkt-schwaechelt-signalisieren-beamte\/"]}]},{"@type":"ImageObject","inLanguage":"de","@id":"http:\/\/stnews.live\/de\/2025\/09\/22\/fed-zinssenkungen-sind-wahrscheinlich-da-der-arbeitsmarkt-schwaechelt-signalisieren-beamte\/#primaryimage","url":"http:\/\/stnews.live\/wp-content\/uploads\/2025\/09\/1kVySj2n0VUJhfDvcwmaCaK_PtKPzJKOk-4.png","contentUrl":"http:\/\/stnews.live\/wp-content\/uploads\/2025\/09\/1kVySj2n0VUJhfDvcwmaCaK_PtKPzJKOk-4.png","width":1536,"height":1024},{"@type":"BreadcrumbList","@id":"http:\/\/stnews.live\/de\/2025\/09\/22\/fed-zinssenkungen-sind-wahrscheinlich-da-der-arbeitsmarkt-schwaechelt-signalisieren-beamte\/#breadcrumb","itemListElement":[{"@type":"ListItem","position":1,"name":"Home","item":"http:\/\/stnews.live\/de\/"},{"@type":"ListItem","position":2,"name":"Fed-Zinssenkungen sind wahrscheinlich, da der Arbeitsmarkt schw\u00e4chelt, signalisieren Beamte"}]},{"@type":"WebSite","@id":"https:\/\/stnews.live\/de\/#website","url":"https:\/\/stnews.live\/de\/","name":"STNEWS","description":"","publisher":{"@id":"https:\/\/stnews.live\/de\/#organization"},"potentialAction":[{"@type":"SearchAction","target":{"@type":"EntryPoint","urlTemplate":"https:\/\/stnews.live\/de\/?s={search_term_string}"},"query-input":{"@type":"PropertyValueSpecification","valueRequired":true,"valueName":"search_term_string"}}],"inLanguage":"de"},{"@type":"Organization","@id":"https:\/\/stnews.live\/de\/#organization","name":"STNEWS","alternateName":"STNEWS.live","url":"https:\/\/stnews.live\/de\/","logo":{"@type":"ImageObject","inLanguage":"de","@id":"https:\/\/stnews.live\/de\/#\/schema\/logo\/image\/","url":"http:\/\/stnews.live\/wp-content\/uploads\/2022\/10\/STNEWS.webp","contentUrl":"http:\/\/stnews.live\/wp-content\/uploads\/2022\/10\/STNEWS.webp","width":562,"height":557,"caption":"STNEWS"},"image":{"@id":"https:\/\/stnews.live\/de\/#\/schema\/logo\/image\/"}},{"@type":"Person","@id":"https:\/\/stnews.live\/de\/#\/schema\/person\/94aa8a985fe2ab65d8bc2ba06c29743f","name":"Ivan Petrov","image":{"@type":"ImageObject","inLanguage":"de","@id":"https:\/\/stnews.live\/de\/#\/schema\/person\/image\/","url":"https:\/\/secure.gravatar.com\/avatar\/7bef99b0ca28b3534c4bec1435e0cf2a9f9f7db2ddb3f7cca8287fb1c58800bc?s=96&d=mm&r=g","contentUrl":"https:\/\/secure.gravatar.com\/avatar\/7bef99b0ca28b3534c4bec1435e0cf2a9f9f7db2ddb3f7cca8287fb1c58800bc?s=96&d=mm&r=g","caption":"Ivan Petrov"},"description":"Ivan Petrov is a seasoned journalist with deep insights into Russia\u2019s dynamic crypto landscape. His work focuses on market dynamics and the transformative potential of blockchain technology, making him a go-to expert for understanding Russia\u2019s digital financial innovations.","url":"http:\/\/stnews.live\/de\/author\/ivan-petrov\/"}]}},"yoast_meta":{"yoast_wpseo_title":"","yoast_wpseo_metadesc":"","yoast_wpseo_canonical":""},"_links":{"self":[{"href":"http:\/\/stnews.live\/de\/wp-json\/wp\/v2\/posts\/9127","targetHints":{"allow":["GET"]}}],"collection":[{"href":"http:\/\/stnews.live\/de\/wp-json\/wp\/v2\/posts"}],"about":[{"href":"http:\/\/stnews.live\/de\/wp-json\/wp\/v2\/types\/post"}],"author":[{"embeddable":true,"href":"http:\/\/stnews.live\/de\/wp-json\/wp\/v2\/users\/9"}],"replies":[{"embeddable":true,"href":"http:\/\/stnews.live\/de\/wp-json\/wp\/v2\/comments?post=9127"}],"version-history":[{"count":1,"href":"http:\/\/stnews.live\/de\/wp-json\/wp\/v2\/posts\/9127\/revisions"}],"predecessor-version":[{"id":9129,"href":"http:\/\/stnews.live\/de\/wp-json\/wp\/v2\/posts\/9127\/revisions\/9129"}],"wp:featuredmedia":[{"embeddable":true,"href":"http:\/\/stnews.live\/de\/wp-json\/wp\/v2\/media\/9128"}],"wp:attachment":[{"href":"http:\/\/stnews.live\/de\/wp-json\/wp\/v2\/media?parent=9127"}],"wp:term":[{"taxonomy":"category","embeddable":true,"href":"http:\/\/stnews.live\/de\/wp-json\/wp\/v2\/categories?post=9127"},{"taxonomy":"post_tag","embeddable":true,"href":"http:\/\/stnews.live\/de\/wp-json\/wp\/v2\/tags?post=9127"}],"curies":[{"name":"wp","href":"https:\/\/api.w.org\/{rel}","templated":true}]}}